{"id":24924,"date":"2024-04-23T08:32:16","date_gmt":"2024-04-23T08:32:16","guid":{"rendered":"https:\/\/www.hidro.ro\/?p=24924"},"modified":"2024-04-23T08:32:16","modified_gmt":"2024-04-23T08:32:16","slug":"ziua-pamantului-2024","status":"publish","type":"post","link":"https:\/\/www.hidro.ro\/en\/ziua-pamantului-2024\/","title":{"rendered":"Ziua Pamantului 2024"},"content":{"rendered":"<p><strong>Ziua Planetei P\u0103m\u00e2nt<\/strong><\/p>\n<p>Ast\u0103zi celebr\u0103m Ziua Planetei P\u0103m\u00e2nt, care ne reaminte\u0219te de importan\u021ba pe care o are planeta noastr\u0103 \u0219i ecosistemele sale \u00een sus\u021binerea vie\u021bii.<\/p>\n<p>Tema propus\u0103 pentru acest an, &#8222;Planeta vs Plastic&#8221;, scoate \u00een eviden\u021b\u0103 impactul devastator al plasticului asupra mediului \u00eenconjur\u0103tor, cu 380 de milioane de tone produse anual \u0219i doar 9% reciclat.<\/p>\n<p>Prin urmare, aceast\u0103 zi are misiunea de a atrage aten\u021bia asupra degrad\u0103rii mediului, efectelor polu\u0103rii \u0219i de a ne inspira s\u0103 adopt\u0103m m\u0103suri pentru conservarea naturii, de aceea, este momentul pentru fiecare dintre noi s\u0103 schimb\u0103m mentalitatea, s\u0103 ac\u021bion\u0103m \u0219i s\u0103 contribuim la modelarea unui viitor mai sustenabil \u0219i mai curat pentru to\u021bi!<\/p>\n<p>&#8222;Nu mo\u0219tenim P\u0103m\u00e2ntul de la str\u0103bunii no\u0219tri, ci \u00eel \u00eemprumut\u0103m pentru\u00a0copiii\u00a0no\u0219tri&#8221;.<\/p>\n<div style=\"width: 1140px;\" class=\"wp-video\"><video class=\"wp-video-shortcode\" id=\"video-24924-1\" width=\"1140\" height=\"641\" preload=\"metadata\" controls=\"controls\"><source type=\"video\/mp4\" src=\"https:\/\/www.hidro.ro\/wp-content\/uploads\/2024\/04\/video.mp4?_=1\" \/><a href=\"https:\/\/www.hidro.ro\/wp-content\/uploads\/2024\/04\/video.mp4\">https:\/\/www.hidro.ro\/wp-content\/uploads\/2024\/04\/video.mp4<\/a><\/video><\/div>","protected":false},"excerpt":{"rendered":"<p>Ziua Planetei P\u0103m\u00e2nt Ast\u0103zi celebr\u0103m Ziua Planetei P\u0103m\u00e2nt, care ne reaminte\u0219te de importan\u021ba pe care o are planeta noastr\u0103 \u0219i ecosistemele sale \u00een sus\u021binerea vie\u021bii. Tema propus\u0103 pentru acest an, [&hellip;]<\/p>\n","protected":false},"author":17,"featured_media":0,"comment_status":"closed","ping_status":"open","sticky":false,"template":"","format":"standard","meta":{"_acf_changed":false,"_price":"","_stock":"","_tribe_ticket_header":"","_tribe_default_ticket_provider":"","_tribe_ticket_capacity":"0","_ticket_start_date":"","_ticket_end_date":"","_tribe_ticket_show_description":"","_tribe_ticket_show_not_going":false,"_tribe_ticket_use_global_stock":"","_tribe_ticket_global_stock_level":"","_global_stock_mode":"","_global_stock_cap":"","_tribe_rsvp_for_event":"","_tribe_ticket_going_count":"","_tribe_ticket_not_going_count":"","_tribe_tickets_list":"[]","_tribe_ticket_has_attendee_info_fields":false,"footnotes":""},"categories":[29,116],"tags":[],"class_list":["post-24924","post","type-post","status-publish","format-standard","hentry","category-noutati","category-presa"],"acf":[],"featured_image_src":{"landsacpe":false,"list":false,"medium":false,"full":false},"_links":{"self":[{"href":"https:\/\/www.hidro.ro\/en\/wp-json\/wp\/v2\/posts\/24924","targetHints":{"allow":["GET"]}}],"collection":[{"href":"https:\/\/www.hidro.ro\/en\/wp-json\/wp\/v2\/posts"}],"about":[{"href":"https:\/\/www.hidro.ro\/en\/wp-json\/wp\/v2\/types\/post"}],"author":[{"embeddable":true,"href":"https:\/\/www.hidro.ro\/en\/wp-json\/wp\/v2\/users\/17"}],"replies":[{"embeddable":true,"href":"https:\/\/www.hidro.ro\/en\/wp-json\/wp\/v2\/comments?post=24924"}],"version-history":[{"count":1,"href":"https:\/\/www.hidro.ro\/en\/wp-json\/wp\/v2\/posts\/24924\/revisions"}],"predecessor-version":[{"id":24925,"href":"https:\/\/www.hidro.ro\/en\/wp-json\/wp\/v2\/posts\/24924\/revisions\/24925"}],"wp:attachment":[{"href":"https:\/\/www.hidro.ro\/en\/wp-json\/wp\/v2\/media?parent=24924"}],"wp:term":[{"taxonomy":"category","embeddable":true,"href":"https:\/\/www.hidro.ro\/en\/wp-json\/wp\/v2\/categories?post=24924"},{"taxonomy":"post_tag","embeddable":true,"href":"https:\/\/www.hidro.ro\/en\/wp-json\/wp\/v2\/tags?post=24924"}],"curies":[{"name":"wp","href":"https:\/\/api.w.org\/{rel}","templated":true}]}}